{"id":2137,"date":"2025-09-17T12:45:23","date_gmt":"2025-09-17T15:45:23","guid":{"rendered":"https:\/\/www.hdgroup.cl\/legal\/?p=2137"},"modified":"2025-09-17T12:47:06","modified_gmt":"2025-09-17T15:47:06","slug":"prensa-director-juan-ignacio-marin-es-entrevistado-por-el-mercurio","status":"publish","type":"post","link":"https:\/\/www.hdgroup.cl\/legal\/blog\/2025\/09\/17\/prensa-director-juan-ignacio-marin-es-entrevistado-por-el-mercurio\/","title":{"rendered":"Prensa | Director Juan Ignacio Mar\u00edn es entrevistado por El Mercurio"},"content":{"rendered":"<p>Lee la noticia <a href=\"https:\/\/digital.elmercurio.com\/2025\/09\/17\/B\/TE4J01O1#zoom=page-width\"><strong>ac\u00e1<\/strong><\/a><\/p>\n<p>Nuestro director de Regulatorio y Medioambiente, Juan Ignacio Mar\u00edn, fue entrevistado por El Mercurio debido al fallo de la Tercera Sala de la Corte Suprema que declar\u00f3 inadmisibles varios recursos de casaci\u00f3n que buscaban perpetuar la paralizaci\u00f3n del proyecto minero portuario Dominga.<\/p>\n<p>\u00abEl fallo de la Corte Suprema es un rev\u00e9s para el SEA y los opositores a Dominga, y un resultado favorable &#8211; aunque no definitivo- para Andes Iron\u00bb, dice nuestro director.<\/p>\n<p><img loading=\"lazy\" decoding=\"async\" class=\"alignnone size-medium wp-image-2141\" src=\"https:\/\/www.hdgroup.cl\/legal\/wp-content\/uploads\/sites\/2\/2025\/09\/Captura-de-pantalla-2025-09-17-115127-1-300x287.png\" alt=\"\" width=\"300\" height=\"287\" srcset=\"https:\/\/www.hdgroup.cl\/legal\/wp-content\/uploads\/sites\/2\/2025\/09\/Captura-de-pantalla-2025-09-17-115127-1-300x287.png 300w, https:\/\/www.hdgroup.cl\/legal\/wp-content\/uploads\/sites\/2\/2025\/09\/Captura-de-pantalla-2025-09-17-115127-1-768x734.png 768w, https:\/\/www.hdgroup.cl\/legal\/wp-content\/uploads\/sites\/2\/2025\/09\/Captura-de-pantalla-2025-09-17-115127-1.png 921w\" sizes=\"auto, (max-width: 300px) 100vw, 300px\" \/><\/p>\n<p>&nbsp;<\/p>\n","protected":false},"excerpt":{"rendered":"<p>Lee la noticia ac\u00e1 Nuestro director de Regulatorio y Medioambiente, Juan Ignacio Mar\u00edn, fue entrevistado por El Mercurio debido al fallo de la Tercera Sala de la Corte Suprema que declar\u00f3 inadmisibles varios recursos de casaci\u00f3n que buscaban perpetuar la paralizaci\u00f3n del proyecto minero portuario Dominga. \u00abEl fallo de la Corte Suprema es un rev\u00e9s<\/p>\n","protected":false},"author":6,"featured_media":0,"comment_status":"closed","ping_status":"closed","sticky":false,"template":"","format":"standard","meta":{"_acf_changed":false,"footnotes":""},"categories":[70],"tags":[],"class_list":["post-2137","post","type-post","status-publish","format-standard","hentry","category-going-on"],"acf":[],"lang":"es","translations":{"es":2137,"en":2139},"meta_box":{"news_pdf":[],"team_posicion-imagen":false,"team_taxonomy":false,"listado_categorias":false,"gp_limit":false,"gp_taxonomia":false},"pll_sync_post":{"es":true,"en":true},"_links":{"self":[{"href":"https:\/\/www.hdgroup.cl\/legal\/wp-json\/wp\/v2\/posts\/2137","targetHints":{"allow":["GET"]}}],"collection":[{"href":"https:\/\/www.hdgroup.cl\/legal\/wp-json\/wp\/v2\/posts"}],"about":[{"href":"https:\/\/www.hdgroup.cl\/legal\/wp-json\/wp\/v2\/types\/post"}],"author":[{"embeddable":true,"href":"https:\/\/www.hdgroup.cl\/legal\/wp-json\/wp\/v2\/users\/6"}],"replies":[{"embeddable":true,"href":"https:\/\/www.hdgroup.cl\/legal\/wp-json\/wp\/v2\/comments?post=2137"}],"version-history":[{"count":0,"href":"https:\/\/www.hdgroup.cl\/legal\/wp-json\/wp\/v2\/posts\/2137\/revisions"}],"wp:attachment":[{"href":"https:\/\/www.hdgroup.cl\/legal\/wp-json\/wp\/v2\/media?parent=2137"}],"wp:term":[{"taxonomy":"category","embeddable":true,"href":"https:\/\/www.hdgroup.cl\/legal\/wp-json\/wp\/v2\/categories?post=2137"},{"taxonomy":"post_tag","embeddable":true,"href":"https:\/\/www.hdgroup.cl\/legal\/wp-json\/wp\/v2\/tags?post=2137"}],"curies":[{"name":"wp","href":"https:\/\/api.w.org\/{rel}","templated":true}]}}