{"id":1547,"date":"2024-12-30T10:51:42","date_gmt":"2024-12-30T13:51:42","guid":{"rendered":"https:\/\/www.hdgroup.cl\/legal\/?p=1545"},"modified":"2024-12-30T10:56:29","modified_gmt":"2024-12-30T13:56:29","slug":"prensa-aparicion-de-nuestro-director-juan-ignacio-marin-en-el-mercurio","status":"publish","type":"post","link":"https:\/\/www.hdgroup.cl\/legal\/en\/blog\/2024\/12\/30\/prensa-aparicion-de-nuestro-director-juan-ignacio-marin-en-el-mercurio\/","title":{"rendered":"Prensa | Aparici\u00f3n de nuestro director, Juan Ignacio Mar\u00edn, en El Mercurio"},"content":{"rendered":"<p>Nuestro director de Regulatorio y Medioambiente, Juan Ignacio Mar\u00edn, fue entrevistado por la secci\u00f3n Econom\u00eda y Negocios de El Mercurio debido a las cr\u00edticas existentes por el proyecto Dominga, esto dado que el Primer Tribunal Ambiental rechaz\u00f3 suspender los efectos del fallo mientras se tramita el recurso de casaci\u00f3n presentado por el Gobierno ante la Corte Suprema.<\/p>\n<p>\u00abEl Comit\u00e9 de Ministros, deber\u00e1 ahora, a trav\u00e9s de sus subrogantes no inhabilitados, cumplir el fallo y pronunciarse en el plazo establecido por el Tribunal Ambiental\u00bb, dijo nuestro director.<\/p>\n<p><a href=\"\/Users\/tlx\/Downloads\/B2%2027.12.24.pdf\"><img loading=\"lazy\" decoding=\"async\" class=\"alignnone size-medium wp-image-1546\" src=\"https:\/\/www.hdgroup.cl\/legal\/wp-content\/uploads\/sites\/2\/2024\/12\/Captura-de-pantalla-2024-12-30-104407-300x280.png\" alt=\"\" width=\"300\" height=\"280\" srcset=\"https:\/\/www.hdgroup.cl\/legal\/wp-content\/uploads\/sites\/2\/2024\/12\/Captura-de-pantalla-2024-12-30-104407-300x280.png 300w, https:\/\/www.hdgroup.cl\/legal\/wp-content\/uploads\/sites\/2\/2024\/12\/Captura-de-pantalla-2024-12-30-104407.png 578w\" sizes=\"auto, (max-width: 300px) 100vw, 300px\" \/><\/a><\/p>\n","protected":false},"excerpt":{"rendered":"<p>Nuestro director de Regulatorio y Medioambiente, Juan Ignacio Mar\u00edn, fue entrevistado por la secci\u00f3n Econom\u00eda y Negocios de El Mercurio debido a las cr\u00edticas existentes por el proyecto Dominga, esto dado que el Primer Tribunal Ambiental rechaz\u00f3 suspender los efectos del fallo mientras se tramita el recurso de casaci\u00f3n presentado por el Gobierno ante la<\/p>\n","protected":false},"author":6,"featured_media":0,"comment_status":"closed","ping_status":"closed","sticky":false,"template":"","format":"standard","meta":{"_acf_changed":false,"footnotes":""},"categories":[4],"tags":[],"class_list":["post-1547","post","type-post","status-publish","format-standard","hentry","category-going-on"],"acf":[],"lang":"en","translations":{"en":1547,"es":1545},"meta_box":{"news_pdf":[],"team_posicion-imagen":false,"team_taxonomy":false,"listado_categorias":false,"gp_limit":false,"gp_taxonomia":false},"pll_sync_post":{"es":true,"en":true},"_links":{"self":[{"href":"https:\/\/www.hdgroup.cl\/legal\/wp-json\/wp\/v2\/posts\/1547","targetHints":{"allow":["GET"]}}],"collection":[{"href":"https:\/\/www.hdgroup.cl\/legal\/wp-json\/wp\/v2\/posts"}],"about":[{"href":"https:\/\/www.hdgroup.cl\/legal\/wp-json\/wp\/v2\/types\/post"}],"author":[{"embeddable":true,"href":"https:\/\/www.hdgroup.cl\/legal\/wp-json\/wp\/v2\/users\/6"}],"replies":[{"embeddable":true,"href":"https:\/\/www.hdgroup.cl\/legal\/wp-json\/wp\/v2\/comments?post=1547"}],"version-history":[{"count":0,"href":"https:\/\/www.hdgroup.cl\/legal\/wp-json\/wp\/v2\/posts\/1547\/revisions"}],"wp:attachment":[{"href":"https:\/\/www.hdgroup.cl\/legal\/wp-json\/wp\/v2\/media?parent=1547"}],"wp:term":[{"taxonomy":"category","embeddable":true,"href":"https:\/\/www.hdgroup.cl\/legal\/wp-json\/wp\/v2\/categories?post=1547"},{"taxonomy":"post_tag","embeddable":true,"href":"https:\/\/www.hdgroup.cl\/legal\/wp-json\/wp\/v2\/tags?post=1547"}],"curies":[{"name":"wp","href":"https:\/\/api.w.org\/{rel}","templated":true}]}}